{"id":3409,"count":0,"description":"Count P\u00e1l Sz\u00e9ch\u00e9nyi (1789\u20131871) was the younger brother of Sz\u00e9chenyi, the two were brought up together.","link":"https:\/\/szechenyilevelezes.abtk.hu\/en\/levelek\/csalad-en\/count-pal-szechenyi\/","name":"Count P\u00e1l Sz\u00e9ch\u00e9nyi","slug":"count-pal-szechenyi","taxonomy":"category","parent":3370,"meta":[],"_links":{"self":[{"href":"https:\/\/szechenyilevelezes.abtk.hu\/en\/wp-json\/wp\/v2\/categories\/3409","targetHints":{"allow":["GET"]}}],"collection":[{"href":"https:\/\/szechenyilevelezes.abtk.hu\/en\/wp-json\/wp\/v2\/categories"}],"about":[{"href":"https:\/\/szechenyilevelezes.abtk.hu\/en\/wp-json\/wp\/v2\/taxonomies\/category"}],"up":[{"embeddable":true,"href":"https:\/\/szechenyilevelezes.abtk.hu\/en\/wp-json\/wp\/v2\/categories\/3370"}],"wp:post_type":[{"href":"https:\/\/szechenyilevelezes.abtk.hu\/en\/wp-json\/wp\/v2\/posts?categories=3409"}],"curies":[{"name":"wp","href":"https:\/\/api.w.org\/{rel}","templated":true}]}}