{"id":11429,"date":"2021-11-05T09:00:46","date_gmt":"2021-11-05T09:00:46","guid":{"rendered":"https:\/\/szechenyilevelezes.abtk.hu\/uncategorized\/szechenyi-ferenc-33\/"},"modified":"2025-08-06T14:02:37","modified_gmt":"2025-08-06T14:02:37","slug":"szechenyi-ferenc-33","status":"publish","type":"post","link":"https:\/\/szechenyilevelezes.abtk.hu\/en\/csalad-en\/szechenyi-ferenc-33\/","title":{"rendered":"Ferenc Sz\u00e9ch\u00e9nyi"},"content":{"rendered":"\n<p class=\"has-text-align-right\">Hohenmauth<a href=\"#_edn1\">[a]<\/a> den 3. October<a href=\"#_edn2\">[b]<\/a><\/p>\n\n\n\n<p>Euer Gnaden, Liebster Bester Vater!<\/p>\n\n\n\n<p>Vorgestern, da ich eben von Chlumetz,<a href=\"#_edn3\">[c]<\/a> was den Grafen Leopold Kinsky<a href=\"#_edn4\">[d]<\/a> geh\u00f6rt zur\u00fcck kam war ich so gl\u00fccklich 2 Briefe meines besten Vaters<a href=\"#_edn5\">[e]<\/a> in meinen Quartier zu finden \u2013 f\u00fcr meine Uhr und die paar Kleidungs\u2013st\u00fccke \u2014 die mein J\u00e4ger in Oedenburg verga\u00df,<a href=\"#_edn6\">[f]<\/a> danke ich noch einmahl herzlich \u2014 was mein Bester Vater mir von Landtag schreiben freut mich recht sehr, da ich aus allen, auch von den was man hier h\u00f6rt, sehe, da\u00df ich noch Landsleute habe, die w\u00fcrdig sind den ungrischen Nahmen zu tragen, da sie so bereit sind ihren K\u00f6nige und ihren Vaterland zu helfen \u2014 der Zweck an den sie arbeiten ist so sch\u00f6n, allein wie alles die\u00df enden wird ist noch immer zu f\u00fcrchten, da von jeher das Geld die Welt regierte \u2014 Wir verlassen Hohenmauthen \u2013 wandern nun von einem Ort zum andern, und suchen wie m\u00f6glichst unsere Zeit mit n\u00fctzlicher Besch\u00e4ftigung zu vertreiben \u2014 daher haben wir in Wille, stets auf der Stra\u00dfe zu seyn um doch die umliegende Gegend etwas kennen zu lernen. Heute gehe<a href=\"#_ftn1\">[1]<\/a> noch nach Leutomischel<a href=\"#_edn7\">[g]<\/a> um den Grafen Waldstein<a href=\"#_edn8\">[h]<\/a> einen Besuch zu machen \u2014 von da gehe ich samt meinen Schwagern Ferdinand<a href=\"#_edn9\">[i]<\/a> nach Geirsperg<a href=\"#_edn10\">[j]<\/a> zum Christel Cavriani<a href=\"#_edn11\">[k]<\/a> den ich zu sehen mich in voraus schon kindisch gefreue \u2014 undsoweiter bis der J\u00e4ner einr\u00fcckt und mich in die Arme meiner Besten \u00c4ltern f\u00fchrt \u2014 Vor<a href=\"#_ftn2\">[2]<\/a> die Gnade mir erlaubt zu haben, da\u00df<a href=\"#_ftn3\">[3]<\/a> ich mein Quartal<a href=\"#_edn12\">[l]<\/a> bekommen kann \u2014 danke ich innigst \u2014 Lieber Vater haben so viel Gnade so viel Freundschaft, darf ich diese G\u00fcte die ich nie verdiente mit nahmen freundschaft<a href=\"#_ftn4\">[4]<\/a> benennen, ich wage es, f\u00fcr mich gehabt, da\u00df ich in Verlegenheit bin meine Dankbarkeit zu bezeigen \u2013 k\u00f6nnte ich so gl\u00fccklich seyn je etwas davon abzutragen, so w\u00e4re mein sehnlichster Wunsch erf\u00fcllt \u2014 Meiner Liebsten Besten Mutter H\u00e4nde k\u00fcsse ich tausendmahl und bitte um ihren, wie auch meines Besten Vaters Segen<\/p>\n\n\n\n<p>womit ich bleibe<\/p>\n\n\n\n<p>Euer Gnaden<\/p>\n\n\n\n<p class=\"has-text-align-right\">dankbarste Sohn<\/p>\n\n\n\n<p class=\"has-text-align-right\">Stepherl<\/p>\n\n\n\n<hr class=\"wp-block-separator has-css-opacity\"\/>\n\n\n\n<p><a href=\"#_ftnref1\">[1]<\/a> Missing word: ich.<\/p>\n\n\n\n<p><a href=\"#_ftnref2\">[2]<\/a> Instead of F\u00fcr.<\/p>\n\n\n\n<p><a href=\"#_ftnref3\">[3]<\/a> Corrected word.<\/p>\n\n\n\n<p><a href=\"#_ftnref4\">[4]<\/a> One word deleted.<\/p>\n\n\n\n<hr class=\"wp-block-separator has-css-opacity\"\/>\n\n\n\n<p><a href=\"#_ednref1\">[a]<\/a> Hohenmaut (Vysok\u00e9 M\u00fdto) is a town in the eastern part of Bohemia, near the Lou\u010dn\u00e1.<\/p>\n\n\n\n<p><a href=\"#_ednref2\">[b]<\/a> The year of the letter is 1811, based on the reference to the Diet: the Diet of 1811\u201312 lasted from 15 August 1811 to 16 May 1812 on the one hand. On the other hand, Sz\u00e9chenyi was being stationed in Hohenmaut from the end of April 1811 until the end of the year and was on leave in Vienna from January to March 1812. Data about the latter: \u00c1cs 1991. 22. (He also refers to the January reunion in his letter.)<\/p>\n\n\n\n<p><a href=\"#_ednref3\">[c]<\/a> Chlumetz (Chlumec nad Cidlinou) is a Czech town on the Cidlina River, near K\u00f6niggr\u00e4tz (Hradec Kr\u00e1lov\u00e9). The Kinsky family had a castle in that town.<\/p>\n\n\n\n<p><a href=\"#_ednref4\">[d]<\/a> Count Lip\u00f3t Kinsky (1764\u20131831)<\/p>\n\n\n\n<p><a href=\"#_ednref5\">[e]<\/a> The letters are not known, but Ferenc Sz\u00e9ch\u00e9nyi obviously informed his son about the events of the Diet.<\/p>\n\n\n\n<p><a href=\"#_ednref6\">[f]<\/a> Sz\u00e9chenyi was on leave until 10 March 1811, which he spent with his family. \u00c1cs 1991. 19.<\/p>\n\n\n\n<p><a href=\"#_ednref7\">[g]<\/a> Leitomischel (Litomy\u0161l) on the right bank of the Lou\u010dn\u00e1 River, in the northeast of Bohemia, near the Moravian border.<\/p>\n\n\n\n<p><a href=\"#_ednref8\">[h]<\/a> Count Antal Waldstein (1793\u20131848)<\/p>\n\n\n\n<p><a href=\"#_ednref9\">[i]<\/a> His brother-in-law Count Ferdinand Zichy (1783\u20121869) general.<\/p>\n\n\n\n<p><a href=\"#_ednref10\">[j]<\/a> Geiersberg, a village on the Erlitz (Adler) River on the eastern border of Bohemia.<\/p>\n\n\n\n<p><a href=\"#_ednref11\">[k]<\/a> Count Krist\u00f3f Cavriani (1780\u20131857), whose brother Miksa married Sz\u00e9chenyi\u2019s cousin, Countess Jozefa Esterh\u00e1zy, and so they were related.<\/p>\n\n\n\n<p><a href=\"#_ednref12\">[l]<\/a> He received a quarterly allowance from his father, but that time he received it earlier.<\/p>\n\n\n\n<p>Recommended reference:<\/p>\n\n\n\n<p>Istv\u00e1n Sz\u00e9chenyi to Ferenc Sz\u00e9chenyi, Hohenmauth, 3 October 1811. Edited and annotated by Szilvia Czinege. Published in Correspondence of Istv\u00e1n Sz\u00e9chenyi. Digital edition. Edited by Szilvia Czinege and Zolt\u00e1n F\u00f3nagy. https:\/\/szechenyilevelezes.abtk.hu\/ Abbreviation for further references: SzIL-Digit.<\/p>\n","protected":false},"excerpt":{"rendered":"<p>The day before yesterday, on his return from the estate of Count Kinsky at Chlumetz, he found his father&#8217;s two letters, his watch and his clothes, which he had forgotten in Sopron, in his lodgings, and he thanked him for sending them. He is very happy about what his father writes about the Diet. From Hohenmaut, they often go on excursions, trying to get to know the area. Today he is going to Leutomischel to visit Count Waldstein, and from there he and his brother-in-law Ferdinand are going to Geirsperg to see Christopher Cavriani, whom he has a childlike desire to see, and in January he will hurry to his parents&#8217; embracing arms. He thanks him for the quarterly apanage, and especially the fact that he has received his father&#8217;s letters &#8220;out of friendship&#8221;, a word he has not yet deserved.<\/p>\n","protected":false},"author":5,"featured_media":0,"comment_status":"open","ping_status":"open","sticky":false,"template":"","format":"standard","meta":{"footnotes":""},"categories":[3403,3370,3518],"tags":[3426],"language":[3416],"addressee":[3411],"place_of_writing":[3515],"qualification":[3383],"place_of_keeping":[3519],"place_of_publication":[3520],"class_list":["post-11429","post","type-post","status-publish","format-standard","hentry","category-szechenyi_ferenc-en","category-csalad-en","category-ifjusag-en","tag-military","language-german","addressee-ferenc-szechenyi","place_of_writing-hohenmauth-en","qualification-original","place_of_keeping-mnl-ol-p-623-a-i-9-no-41-3-en","place_of_publication-zichy-56-57-en"],"_links":{"self":[{"href":"https:\/\/szechenyilevelezes.abtk.hu\/en\/wp-json\/wp\/v2\/posts\/11429","targetHints":{"allow":["GET"]}}],"collection":[{"href":"https:\/\/szechenyilevelezes.abtk.hu\/en\/wp-json\/wp\/v2\/posts"}],"about":[{"href":"https:\/\/szechenyilevelezes.abtk.hu\/en\/wp-json\/wp\/v2\/types\/post"}],"author":[{"embeddable":true,"href":"https:\/\/szechenyilevelezes.abtk.hu\/en\/wp-json\/wp\/v2\/users\/5"}],"replies":[{"embeddable":true,"href":"https:\/\/szechenyilevelezes.abtk.hu\/en\/wp-json\/wp\/v2\/comments?post=11429"}],"version-history":[{"count":3,"href":"https:\/\/szechenyilevelezes.abtk.hu\/en\/wp-json\/wp\/v2\/posts\/11429\/revisions"}],"predecessor-version":[{"id":11433,"href":"https:\/\/szechenyilevelezes.abtk.hu\/en\/wp-json\/wp\/v2\/posts\/11429\/revisions\/11433"}],"wp:attachment":[{"href":"https:\/\/szechenyilevelezes.abtk.hu\/en\/wp-json\/wp\/v2\/media?parent=11429"}],"wp:term":[{"taxonomy":"category","embeddable":true,"href":"https:\/\/szechenyilevelezes.abtk.hu\/en\/wp-json\/wp\/v2\/categories?post=11429"},{"taxonomy":"post_tag","embeddable":true,"href":"https:\/\/szechenyilevelezes.abtk.hu\/en\/wp-json\/wp\/v2\/tags?post=11429"},{"taxonomy":"language","embeddable":true,"href":"https:\/\/szechenyilevelezes.abtk.hu\/en\/wp-json\/wp\/v2\/language?post=11429"},{"taxonomy":"addressee","embeddable":true,"href":"https:\/\/szechenyilevelezes.abtk.hu\/en\/wp-json\/wp\/v2\/addressee?post=11429"},{"taxonomy":"place_of_writing","embeddable":true,"href":"https:\/\/szechenyilevelezes.abtk.hu\/en\/wp-json\/wp\/v2\/place_of_writing?post=11429"},{"taxonomy":"qualification","embeddable":true,"href":"https:\/\/szechenyilevelezes.abtk.hu\/en\/wp-json\/wp\/v2\/qualification?post=11429"},{"taxonomy":"place_of_keeping","embeddable":true,"href":"https:\/\/szechenyilevelezes.abtk.hu\/en\/wp-json\/wp\/v2\/place_of_keeping?post=11429"},{"taxonomy":"place_of_publication","embeddable":true,"href":"https:\/\/szechenyilevelezes.abtk.hu\/en\/wp-json\/wp\/v2\/place_of_publication?post=11429"}],"curies":[{"name":"wp","href":"https:\/\/api.w.org\/{rel}","templated":true}]}}