{"id":11448,"date":"2021-11-05T10:40:30","date_gmt":"2021-11-05T10:40:30","guid":{"rendered":"https:\/\/szechenyilevelezes.abtk.hu\/uncategorized\/szechenyi-ferenc-36\/"},"modified":"2025-08-09T16:36:24","modified_gmt":"2025-08-09T16:36:24","slug":"szechenyi-ferenc-36","status":"publish","type":"post","link":"https:\/\/szechenyilevelezes.abtk.hu\/en\/csalad-en\/szechenyi-ferenc-36\/","title":{"rendered":"Ferenc Sz\u00e9ch\u00e9nyi"},"content":{"rendered":"\n<p class=\"has-text-align-center\"><em>Geschrieben in Lieben<\/em><a href=\"#_edn1\"><u>[a]<\/u><\/a> <em>den 11 Jul\u00ff 1813<\/em><a href=\"#_ftn1\">[1]<\/a><\/p>\n\n\n\n<p>Euer Gnaden, Liebster Bester Vater!<\/p>\n\n\n\n<p>Je mehr die Zeit der Entscheidung naht, desto r\u00e4thselhafter scheint die Zukunft vor unsern Augen zu liegen, doch in wenigen Wochen wird man das gewi\u00df wissen, was man jetzt zu erforschen vergebens trachten w\u00fcrde. \u2014 Sonderbar ist es, man mu\u00df es gestehen, da\u00df man beynahe gar nicht combiniren kann ob den Krieg<a href=\"#_edn2\">[b]<\/a> \u2013 ob Friede von dem Schicksal der Zeit uns bestimmt sey. Ich wei\u00df gar nichts, und sehe eben so viele preparativen des kriegerischen Lebens \u2014 als <em>friedliche Operationen<\/em>.<sup>1<\/sup><a href=\"#_edn3\">[c]<\/a><\/p>\n\n\n\n<p>Der Waffenstillstand ist denn endlich prolongirt, der Congress in Prag entschieden. Schon ist Narbonne<a href=\"#_edn4\">[d]<\/a> da \u2013 und f\u00e4hrt morgen nach Brandeis<a href=\"#_edn5\">[e]<\/a> zum K\u00e4yser<a href=\"#_edn6\">[f]<\/a> wo er sich einige T\u00e4ge wahr aufhalten wird \u2013 Sonst ist noch gar kein Abgesandter in Prag angekommen. \u2014 General <em>Kutsera<\/em><sup>1<\/sup><a href=\"#_edn7\">[g]<\/a> ist vor 9 oder 10 Tagen nach Ofen zum Palatin, um die ungarische adeliche Insurrection in der gr\u00f6\u00dften Geschwindigkeit zu organisiren \u2013 Die Landwehr wird mit Macht errichtet \u2013 und ihre Stabsoficiers gew\u00e4hlt.<a href=\"#_edn8\">[h]<\/a> \u2014 Auch sind alle Chargen in der Armee ersetzt \u2013 Bey Merveld-Uhlanen sind bereits 2 Oberlieutenants zu<a href=\"#_ftn2\">[2]<\/a> Rittmeisters avancirt \u2013 ich bin nun der 2<sup>te<\/sup> zum Rittmeister \u2013 und da eben so viele Escadrons commandanten wechkommen<a href=\"#_ftn3\">[3]<\/a> werden, so hoffe ich in sehr geringer Zeit zu avanciren \u2014 Die\u00df alles w\u00e4re also Kenntzeichen des kriegerischen Lebens \u2013 ~ Nach meiner Beurtheilung ist aber alles die\u00df zum Scheine <em>nur<\/em><a href=\"#_ftn4\">[4]<\/a> und nach dem alten Sprichwort der R\u00f6mer \u201e<em>Si vis pacem para bellum<\/em><sup>1,<\/sup><a href=\"#_ftn5\">[5]<\/a> \u2013 Die Folge wird\u2019s wohl bald zeigen.<\/p>\n\n\n\n<p>F\u00fcrst Schwarzenberg ist nun seit einigen Tagen immer hier, Die F\u00fcrstin seine Frau<a href=\"#_edn9\">[i]<\/a> ~ war auch da \u2013 ist aber wieder bereits zu sich nach <em>Worlik<\/em><a href=\"#_ftn6\">[6]<\/a><a href=\"#_edn10\">[j]<\/a> zuruck. ~ Ich befinde mich \u00fcbrigens recht gut, und wohne \u2013 eine halbe Stunde von <em>Prag<\/em><sup>1<\/sup> \u2013 und eben so viel \u2013 von <em>Lieben<\/em><sup>6<\/sup> in einen einschichtigen Haus, in der sch\u00f6nsten Gegend die man sich nur immer denken kann \u2013 en Compagnie von jungen Lichnowsk\u00ff<a href=\"#_edn11\">[k]<\/a> \u2014 und den Grafen Schulenburg<a href=\"#_edn12\">[l]<\/a> \u2014 Meine Pferde befinden sich alle in besten Zustand \u2013 wie auch meine Leute, ich selbst auch \u2014 Der F\u00fcrst<a href=\"#_edn13\">[m]<\/a> hat \u00fcberaus viele Gnaden f\u00fcr mich \u2014 wie auch meine Vorgesetzten \u2014 und meine Kameraden recht viele Freundschaft \u2014 und so bin ich so zufrieden \u2014 wie man\u2019s nur immer seyn kann. \u2014<\/p>\n\n\n\n<p>Wir gehen recht oft nach Prag \u2013 wo\u2019s aber unendlich ennuent<a href=\"#_ftn7\">[7]<\/a> ist \u2014 und auser der Gr\u00e4fin Klebelsberg<a href=\"#_edn14\">[n]<\/a> beynahe kein Mensch da.<\/p>\n\n\n\n<p>Lieben ist aber ganz allerliebst und gleicht einer Colonie \u2014 da jeder so zu sagen ein kleines Shl\u00f6\u00dfel f\u00fcr sich bewohnt was von denen \u00fcbrigen blos durch kleine W\u00e4lder, G\u00e4rten oder Th\u00e4ler getheilt wird \u2014 In der Fr\u00fch geht jeder seinen Dienst nach \u2013 der f\u00fcr den Augenblick ganz unbedeutend ist \u2014 zu Mittag \u2013 ist <em>nat\u00fcrlicher = Weise<\/em><sup>1<\/sup> ein sehr ein angenehmes rendez-vous \u2014 \u2012 den<a href=\"#_ftn8\">[8]<\/a> was so ein Galopin f\u00fcr einen Hunger hat, davon macht keine Seele einen Begriff \u2014 Nachmittag ist meistens <em>Musik<\/em><sup>6<\/sup> und auch oft eine Parthie <em>Vist<\/em><sup>6<\/sup><a href=\"#_edn15\">[o]<\/a> \u2013 und so \u2013 vergeht mir ein Nachmittag nach den andern \u2013 eben so angenehm, wie der Morgen \u2013 Blos mit den soup\u00e9e da ist das Schicksal grausam \u2014 und die Vorsicht schuf f\u00fcr uns kein h\u00f4tel \u2014 mais il faut faire bonne mine \u0101 movais jeu<a href=\"#_ftn9\">[9]<\/a> \u2013 und so habe ich mir das soupiren \u2014 als eine sehr \u00fcble Gewohnheit \u2014 und aus einer Philosophie \u2014 durch die Nothwendigkeit \u2013 versch\u00f6nert \u2014\u2014 ganz tapfer abgew\u00f6hnt.<\/p>\n\n\n\n<p>Von meinen ehmaligen Obristlieutenant<a href=\"#_edn16\">[p]<\/a> habe ich Nachricht \u2013 und er befindet sich recht gut \u2013 er steht mit seinem Regiment in B\u00f6hmisch-<em>Laipa<\/em><sup>6<\/sup><a href=\"#_edn17\">[q]<\/a> und ist Brigadir zu gleich \u2014 da der Klebelsberg in T\u00f6plitz<a href=\"#_edn18\">[r]<\/a> das Bad braucht.<\/p>\n\n\n\n<p>Von Nesselrode<a href=\"#_edn19\">[s]<\/a> h\u00f6re ich gar nichts; und schrieb an F. M. L.<a href=\"#_ftn10\">[10]<\/a> Walmoden<a href=\"#_edn20\">[t]<\/a> bey den er seyn soll, um etwas von ihm zu erfahren \u2014 Wie mich aber diese Ungewi\u00dfheit kr\u00e4nkt \u2013 ob er lebe \u2013 oder schon in der Eweigkeit sey \u2013 k\u00f6nnen sich Euer Gnaden, Lieber Vater, wohl denken \u2014 Es ist wohl vieleicht. der einzige Freund den ich auf dieser Welt hatte \u2013 \u2012 doch ist alles so Verg\u00e4nglich da\u00df man auf das Vergangene mit Schaudern nur denken kann \u2014<\/p>\n\n\n\n<p>Ich k\u00fcsse die H\u00e4nde nun Lieber Vater \u2013 auch die meiner theuern Mutter \u2014 und Bitte um den Segen<\/p>\n\n\n\n<p>Euer Gnaden<\/p>\n\n\n\n<p class=\"has-text-align-right\">dankbarster Sohn Stepherl<\/p>\n\n\n\n<hr class=\"wp-block-separator has-css-opacity\"\/>\n\n\n\n<p><a href=\"#_ftnref1\">[1]<\/a> Sz\u00e9chenyi\u2019s underlining with wavy line.<\/p>\n\n\n\n<p><a href=\"#_ftnref2\">[2]<\/a> Corrected word.<\/p>\n\n\n\n<p><a href=\"#_ftnref3\">[3]<\/a> Instead of wegkommen.<\/p>\n\n\n\n<p><a href=\"#_ftnref4\">[4]<\/a> Inserted afterwards.<\/p>\n\n\n\n<p><a href=\"#_ftnref5\">[5]<\/a> Latin: \u201eIf you want peace, prepare for war.\u201d The phrase is adapted from the Roman author Flavius Vegetius Renatus&#8217;s opus <em>D\u0113 R\u0113 M\u012blit\u0101r\u012b<\/em>. <\/p>\n\n\n\n<p><a href=\"#_ftnref6\">[6]<\/a> Sz\u00e9chenyi\u2019s underlining with straight line.<\/p>\n\n\n\n<p><a href=\"#_ftnref7\">[7]<\/a> French: boring.<\/p>\n\n\n\n<p><a href=\"#_ftnref8\">[8]<\/a> Instead of denn.<\/p>\n\n\n\n<p><a href=\"#_ftnref9\">[9]<\/a> French: but you have to put on a brave face.<\/p>\n\n\n\n<p><a href=\"#_ftnref10\">[10]<\/a> Feldmarschalllieutenant<\/p>\n\n\n\n<hr class=\"wp-block-separator has-css-opacity\"\/>\n\n\n\n<p><a href=\"#_ednref1\">[a]<\/a> Lieben is a Bohemian village at the confluence of the Rokytnice stream and the Vltava River.<\/p>\n\n\n\n<p><a href=\"#_ednref2\">[b]<\/a> Napoleon defeated the Russo-Prussian army at Grossg\u00f6rschen on 2 May 1813 and at Bautzen on 20 May 1813, forcing it to retreat. Meanwhile, Austria had set up an army of observation in Bohemia, and Field Marshal Prince Karl Schwarzenberg was appointed commander-in-chief of this army. At the request of Ferenc Sz\u00e9ch\u00e9nyi, the War Council appointed Istv\u00e1n Sz\u00e9chenyi, Lieutenant of the 1st Merveldt Lancer Regiment, as a commanding officer in the general staff of the general commander by decree of 20 May. Sz\u00e9chenyi reported for duty in June.<\/p>\n\n\n\n<p><a href=\"#_ednref3\">[c]<\/a> The belligerent armies (i.e. the victorious French and the defeated Russo-Prussian) were exhausted and in need of resupply. At Austria\u2019s suggestion, an armistice was concluded at Pl\u00e4switz on 4 June until 20 July. Austria, however, concluded a treaty with France on 30 June, committing itself to mediate peace. Napoleon accepted it. It was agreed that the Russian, Prussian, French and Austrian plenipotentiaries would meet at the Congress of Prague on 5 July to negotiate a peace proposal, and the armistice was extended until 10 August, with six days\u2019 notice. The Congress of Prague did not meet until 12 July, but the peace terms were not negotiated. Austria communicated the peace terms to Napoleon before the deadline, but having received no reply by the deadline (10 August), it joined the alliance and declared war on France.<\/p>\n\n\n\n<p><a href=\"#_ednref4\">[d]<\/a> Louis de Narbonne-Lara comte (1755\u20131813), French general and politician, commander of the occupied Gy\u0151r in 1809, at the time he was dispatched by Napoleon to the Congress of Prague. In 1813, as Commander of Torgau, he died of typhus.<\/p>\n\n\n\n<p><a href=\"#_ednref5\">[e]<\/a> Czech town on the Elbe, east of Prague.<\/p>\n\n\n\n<p><a href=\"#_ednref6\">[f]<\/a>\u00a0 Francis I (1768\u20131835), Emperor of Austria and King of Hungary (1792\u20131835).<\/p>\n\n\n\n<p><a href=\"#_ednref7\">[g]<\/a> Baron J\u00e1nos Kutsera (1765\u20131832) was the Emperor\u2019s chief aide-de-camp, general.<\/p>\n\n\n\n<p><a href=\"#_ednref8\">[h]<\/a> The Landwehr was the territorial militia of the Austrian provinces. There was no noble insurrection in Hungary after 1809.<\/p>\n\n\n\n<p><a href=\"#_ednref9\">[i]<\/a> Field Marshal Prince Karl Schwarzenberg, appointed commander-in-chief of the allied armies, and his wife, Count M\u00e1ria Anna Hohenfeld (formerly the widow of Prince Antal P\u00e1l Esterh\u00e1zy).<\/p>\n\n\n\n<p><a href=\"#_ednref10\">[j]<\/a> A village on the Morava River in Bohemia with the castle of Prince Karl Schwarzenberg.<\/p>\n\n\n\n<p><a href=\"#_ednref11\">[k]<\/a> Count Vilmos K\u00e1roly Lichnowsky (1793\u20131864), lieutenant, commanding officer.<\/p>\n\n\n\n<p><a href=\"#_ednref12\">[l]<\/a> Count K\u00e1roly Rezs\u0151 Schulenburg-Vitzenburg (1788\u2013 after 1852), major, one of the aides-de-camp of Prince Karl Schwarzenberg.<\/p>\n\n\n\n<p><a href=\"#_ednref13\">[m]<\/a> I. e. Prince Schwarzenberg.<\/p>\n\n\n\n<p><a href=\"#_ednref14\">[n]<\/a> Count J\u00e1nos Klebelsberg (1772\u20131841) general since 1809, lieutenant general since 1813, married to Count Anna Pejacsevich (1785\u20131847).<\/p>\n\n\n\n<p><a href=\"#_ednref15\">[o]<\/a> Whist card game.<\/p>\n\n\n\n<p><a href=\"#_ednref16\">[p]<\/a> His brother-in-law, Count Ferdin\u00e1nd Zichy (1783\u20131869) was at the time the commander of the 7th Hussar Regiment, and he was his deputy brigade commander.<\/p>\n\n\n\n<p><a href=\"#_ednref17\">[q]<\/a> B\u00f6hmisch Leipa (\u010cesk\u00e1 L\u00edpa) is a town near Polenz, in the north of Bohemia, near Tetschen (D\u011b\u010d\u00edn).<\/p>\n\n\n\n<p><a href=\"#_ednref18\">[r]<\/a> Teplice is a town in the Biela Valley, where Austria, Prussia and Russia forged the Triple Alliance against Napoleon on 9 September 1813.<\/p>\n\n\n\n<p><a href=\"#_ednref19\">[s]<\/a> It cannot be determined which Nesselrode was that. According to his letter of 18 August 1813, he was a captain assigned to the general staff of the commander of the Russian-German legion. Previously, he was obviously in Austrian service with Sz\u00e9chenyi in the same regiment.<\/p>\n\n\n\n<p><a href=\"#_ednref20\">[t]<\/a> Count Ludwig Wallmoden-Gimborn (1769\u20131862) took part in the French wars, and in 1812 he briefly entered Russian service and became commander of the Russian-German Legion. In 1815 he was again in Austrian service and stationed in Italy. In 1838 he became a general of cavalry, in 1848 deputy to Radetzky.<\/p>\n\n\n\n<p>Recommended reference:<\/p>\n\n\n\n<p>Istv\u00e1n Sz\u00e9chenyi to Ferenc Sz\u00e9ch\u00e9nyi, Lieben, 11. July 1813. Edited and annotated by Szilvia Czinege. Published in Correspondence of Istv\u00e1n Sz\u00e9chenyi. Digital edition. Edited by Szilvia Czinege and Zolt\u00e1n F\u00f3nagy. https:\/\/szechenyilevelezes.abtk.hu\/ Abbreviation for further references: SzIL-Digit.<\/p>\n","protected":false},"excerpt":{"rendered":"<p>It is impossible to decide whether war or peace will follow. The armistice has been declared, the Prague Congress has been called. 9-10 days ago, General Kutsera travelled to Buda to see the palatine in order to organise the Hungarian noble insurrection with the greatest haste. The vacant officer posts in the army are also being filled one by one. Two first lieutenants have already been promoted to the rank of captain among the Merveldt lancers, and he was the second candidate in the ranking for the captaincy, which he has good prospects of obtaining, as many company commanders have recently left them. The Prince, his superiors and his comrades like him, and he is pleased. They often go to Prague, but life there is now infinitely bleak, and there is no one to visit except Countess Klebelsberg. The days are pleasant in Lieben. In the mornings everyone goes on duty, in the evenings they play music or whist. His brother-in-law is well, he is stationed with his regiment at B\u00f6misch-Leipa, and is now the actual regimental commander, and Klebelsberg is taking baths at Teplitz. He has not heard anything from Nesselroder, and has already written to Lieutenant General Wallmoden, with whom he is supposed to be staying, to find out something about him.<\/p>\n","protected":false},"author":5,"featured_media":0,"comment_status":"open","ping_status":"open","sticky":false,"template":"","format":"standard","meta":{"footnotes":""},"categories":[3403,3370,3518,3402],"tags":[3426],"language":[3416],"addressee":[3411],"place_of_writing":[3528],"qualification":[3383],"place_of_keeping":[3529],"place_of_publication":[3530],"class_list":["post-11448","post","type-post","status-publish","format-standard","hentry","category-szechenyi_ferenc-en","category-csalad-en","category-ifjusag-en","category-a-katonaevek-en","tag-military","language-german","addressee-ferenc-szechenyi","place_of_writing-lieben-en","qualification-original","place_of_keeping-mnl-ol-p-623-a-i-9-no-43-4-en","place_of_publication-zichy-63-65-en"],"_links":{"self":[{"href":"https:\/\/szechenyilevelezes.abtk.hu\/en\/wp-json\/wp\/v2\/posts\/11448","targetHints":{"allow":["GET"]}}],"collection":[{"href":"https:\/\/szechenyilevelezes.abtk.hu\/en\/wp-json\/wp\/v2\/posts"}],"about":[{"href":"https:\/\/szechenyilevelezes.abtk.hu\/en\/wp-json\/wp\/v2\/types\/post"}],"author":[{"embeddable":true,"href":"https:\/\/szechenyilevelezes.abtk.hu\/en\/wp-json\/wp\/v2\/users\/5"}],"replies":[{"embeddable":true,"href":"https:\/\/szechenyilevelezes.abtk.hu\/en\/wp-json\/wp\/v2\/comments?post=11448"}],"version-history":[{"count":3,"href":"https:\/\/szechenyilevelezes.abtk.hu\/en\/wp-json\/wp\/v2\/posts\/11448\/revisions"}],"predecessor-version":[{"id":11454,"href":"https:\/\/szechenyilevelezes.abtk.hu\/en\/wp-json\/wp\/v2\/posts\/11448\/revisions\/11454"}],"wp:attachment":[{"href":"https:\/\/szechenyilevelezes.abtk.hu\/en\/wp-json\/wp\/v2\/media?parent=11448"}],"wp:term":[{"taxonomy":"category","embeddable":true,"href":"https:\/\/szechenyilevelezes.abtk.hu\/en\/wp-json\/wp\/v2\/categories?post=11448"},{"taxonomy":"post_tag","embeddable":true,"href":"https:\/\/szechenyilevelezes.abtk.hu\/en\/wp-json\/wp\/v2\/tags?post=11448"},{"taxonomy":"language","embeddable":true,"href":"https:\/\/szechenyilevelezes.abtk.hu\/en\/wp-json\/wp\/v2\/language?post=11448"},{"taxonomy":"addressee","embeddable":true,"href":"https:\/\/szechenyilevelezes.abtk.hu\/en\/wp-json\/wp\/v2\/addressee?post=11448"},{"taxonomy":"place_of_writing","embeddable":true,"href":"https:\/\/szechenyilevelezes.abtk.hu\/en\/wp-json\/wp\/v2\/place_of_writing?post=11448"},{"taxonomy":"qualification","embeddable":true,"href":"https:\/\/szechenyilevelezes.abtk.hu\/en\/wp-json\/wp\/v2\/qualification?post=11448"},{"taxonomy":"place_of_keeping","embeddable":true,"href":"https:\/\/szechenyilevelezes.abtk.hu\/en\/wp-json\/wp\/v2\/place_of_keeping?post=11448"},{"taxonomy":"place_of_publication","embeddable":true,"href":"https:\/\/szechenyilevelezes.abtk.hu\/en\/wp-json\/wp\/v2\/place_of_publication?post=11448"}],"curies":[{"name":"wp","href":"https:\/\/api.w.org\/{rel}","templated":true}]}}