{"id":11482,"date":"2021-11-06T10:29:36","date_gmt":"2021-11-06T10:29:36","guid":{"rendered":"https:\/\/szechenyilevelezes.abtk.hu\/uncategorized\/szechenyi-ferenc-41\/"},"modified":"2025-08-06T16:51:41","modified_gmt":"2025-08-06T16:51:41","slug":"szechenyi-ferenc-41","status":"publish","type":"post","link":"https:\/\/szechenyilevelezes.abtk.hu\/en\/csalad-en\/szechenyi-ferenc-41\/","title":{"rendered":"Ferenc Sz\u00e9ch\u00e9nyi"},"content":{"rendered":"\n<p class=\"has-text-align-center\"><em>Geschrieben in Teplitz den 13<sup>ten<\/sup> Sep. 1813<\/em>.<a href=\"#_ftn1\">[1]<\/a><\/p>\n\n\n\n<p>Mein Lieber guter Vater, gestern hatten wir wieder einen warmen Tag. Die Franzosen sind bis <em>Nollendorf<\/em><sup>1<\/sup> vorgedrungen und haben sich einiger sehr vortheilhaften Anh\u00f6hen bem\u00e4chtiget, so da\u00df unsere Position einigerma\u00dfen umgegangen war. \u2013 Es handelte sich also ihm von Seiner Stellung wechzubringen.<a href=\"#_ftn2\">[2]<\/a> \u2013 Um 4 Uhr in der Fr\u00fch waren wir schon alle auf unsere Posten und 2 Stunden darauf waren die Berge von Nollendorf in unserer Macht <strong>\u2013<\/strong> Die Garde vertheitigte<a href=\"#_ftn3\">[3]<\/a> sich auf das Beste. doch mu\u00dfte sie denen Russen, die Wittgenstein<a href=\"#_edn1\">[a]<\/a> und <em>unter<\/em><a href=\"#_ftn4\">[4]<\/a> den der General <em>Palen<\/em><sup>1<\/sup><a href=\"#_edn2\">[b]<\/a> commandirte weichen. Herzog August von W\u00fcrtenberg machte auf den Feind auch einige superbe Angriffe. Colloredo machte einen Ausfall bey <em>Breitenau<\/em><sup>1<\/sup><a href=\"#_edn3\">[c]<\/a> und so waren die Franzosen bis um 1 Uhr Mittags \u00fcber die Gr\u00e4nzen B\u00f6hmens, und um 4 Uhr Nachmittags bey <em>Gie\u00dfh\u00fcbel<\/em>:<sup>1<\/sup><a href=\"#_edn4\">[d]<\/a> Heute verlie\u00df er seine ganze Stellung, und nahm die Richtung gegen Bl\u00fccher,<a href=\"#_edn5\">[e]<\/a> der anjetzt 160 m<a href=\"#_ftn5\">[5]<\/a> Mann stark ist \u2013 Wie ich mir denke schlagen sich in diesen Moment <em>Napoleon und<\/em> <em>Bl\u00fccher<\/em>:<sup>1<\/sup> bald werden wir das resultat davon h\u00f6ren, besonders da wir vieleicht in ein paar Stunden bis <em>Pirna<\/em><sup>1<\/sup> und <em>K\u00f6nigstein<\/em><sup>1<\/sup> vordringen werden.<\/p>\n\n\n\n<p>Der Aufenthalt in Teplitz f\u00e4ngt an wirklich ganz unertr\u00e4glich zu werden, da es vor Kranken, und Verwundeten wimmelt: wir hoffen alle heute hierher nicht mehr zuruck zu kommen. Von der Suite des Feldmarchall\u2019s, so wie auch des Wittgensteins und Barclai dy Toll\u00ff\u2019s<a href=\"#_edn6\">[f]<\/a> ist bis jetzt nur ein einziger Officier todt gescho\u00dfen worden \u2013 Im Grunde ist\u2019s umbegreiflich<a href=\"#_ftn6\">[6]<\/a> wie die Franzosen schlecht schie\u00dfen und wie sie bey jeden Gefecht mehr verlieren wie die Russen und Ostreicher <strong>&#8211;<\/strong> Gestern zum Beyspiel, es war doch ein niedliches Gefecht, haben wir nicht mehr als 1200 Mann verloren, und haben Gefangene nur allein \u00fcber 2.000 gemacht.<\/p>\n\n\n\n<p>\u00dcbrigens befinde ich <em>mich<\/em><sup>4<\/sup> beynahe wieder ganz gut \u2014 und meine Kr\u00e4fte bekomme ich auch ganz obwohl ich so rasend viel herum reiten mu\u00df, da\u00df meine Beine um einige Zoll schon l\u00e4nger geworden sind. <strong>\u2013<\/strong><\/p>\n\n\n\n<p>Morgen um diese Zeit hoffen wir vieleicht in Pirna seyn zu k\u00f6nnen dessen Wegnahme uns aber sehr viele Menschen kosten wird \u2013<\/p>\n\n\n\n<p>So bald mir\u2019s m\u00f6glich seyn wird \u2013 werde ich Euer Gnaden von da einiges schreiben<\/p>\n\n\n\n<p class=\"has-text-align-center\">Stepherl<\/p>\n\n\n\n<p>Eben werde ich zum Feldmarschall geruffen, verzeihen Euer Gnaden, da\u00df ich so schnell endige ~ Wenn\u2019s m\u00f6glich ist so werde ich morgen wieder schreiben<\/p>\n\n\n\n<hr class=\"wp-block-separator has-css-opacity\"\/>\n\n\n\n<p><a href=\"#_ftnref1\">[1]<\/a> Sz\u00e9chenyi\u2019s underlining with wavy line.<\/p>\n\n\n\n<p><a href=\"#_ftnref2\">[2]<\/a> Instead of wegzubringen.<\/p>\n\n\n\n<p><a href=\"#_ftnref3\">[3]<\/a> Instead of verteidigte.<\/p>\n\n\n\n<p><a href=\"#_ftnref4\">[4]<\/a> Inserted afterwards.<\/p>\n\n\n\n<p><a href=\"#_ftnref5\">[5]<\/a> mille<\/p>\n\n\n\n<p><a href=\"#_ftnref6\">[6]<\/a> Instead of unbegreiflich.<\/p>\n\n\n\n<hr class=\"wp-block-separator has-css-opacity\"\/>\n\n\n\n<p><a href=\"#_ednref1\">[a]<\/a> Count Louis Adolf Peter Wittgenstein (1769\u20131843), commander of the right wing of the Russian army in Bohemia, Prince General Eugen of W\u00fcrttemberg, commander of one of the Russian divisions, and Count General Peter Pahlen (1778\u20131864), commander of the Russian cavalry.<\/p>\n\n\n\n<p><a href=\"#_ednref2\">[b]<\/a> Count Hieronymus von Colloredo-Mansfeld (1775\u20131822), lieutenant general, surrounded the French army during the retreat from Dresden, capturing the village of Arbesan (17 September) and contributed greatly to the capture and destruction of the army led by the French General Vandamme. For his bravery he was made a field marshal and was appointed commander of 1<sup>st<\/sup> Corps.<\/p>\n\n\n\n<p><a href=\"#_ednref3\">[c]<\/a> Village in the Dresden district of Saxony.<\/p>\n\n\n\n<p><a href=\"#_ednref4\">[d]<\/a> Berg-Giessh\u00fcbel, a Saxon village near the Bohemian border.<\/p>\n\n\n\n<p><a href=\"#_ednref5\">[e]<\/a> Baron Gebhard Leberecht von Bl\u00fccher (1742\u20131819) Prussian cavalry general.<\/p>\n\n\n\n<p><a href=\"#_ednref6\">[f]<\/a> Count Michael Andreas Barclay de Tolly (1761\u20131818) Russian infantry general.<\/p>\n\n\n\n<p>Recommended reference:<\/p>\n\n\n\n<p>Istv\u00e1n Sz\u00e9chenyi to Edited and annotated by Szilvia Czinege. Published in Correspondence of Istv\u00e1n Sz\u00e9chenyi. Digital edition. Edited by Szilvia Czinege and Zolt\u00e1n F\u00f3nagy. https:\/\/szechenyilevelezes.abtk.hu\/ Abbreviation for further references: SzIL-Digit.<\/p>\n","protected":false},"excerpt":{"rendered":"<p>The French advanced as far as Nollendorf, captured some important highs and threatened to surround the Allies. The Allies&#8217; objective was to retake these highs, which they did between 4 and 6 in the morning. The French Guards fought well, but had to retreat from the Russians under Generals Wittgenstein and Pahlen. The Duke of W\u00fcrttemberg also made a good charge. Colloredo made a breakthrough against Breitenau, driving the French out of Bohemia by one o&#8217;clock in the afternoon, and by four in the afternoon pushing them back as far as Gie\u00dfn\u00fcbel. Today Napoleon abandoned his position and moved against Bl\u00fccher, who now has 160,000 troops. More detailed news will be coming soon, especially as they may be advancing to Pirna and K\u00f6nigstein within hours. The stay in Teplitz is becoming intolerable as the place swarms with sick and wounded people. Of the escort of Schwarzenberg, Barclay de Tolly and Wittgenstein, only one officer has fallen this day. It is incomprehensible how the French can shoot so badly and why they lose more men than the Russians and Austrians in every battle. Yesterday, for example, the Allies lost no more than 1200 men, while they took more than two thousand prisoners of war alone. Otherwise, he is quite well again and regaining his strength, although he has to run around so much that his legs have stretched a few inches. This time tomorrow they may be at Pirna, but taking it will involve a huge loss of human lives. If he can, he will write again the next day.<\/p>\n","protected":false},"author":5,"featured_media":0,"comment_status":"open","ping_status":"open","sticky":false,"template":"","format":"standard","meta":{"footnotes":""},"categories":[3403,3370,3518,3402],"tags":[3426],"language":[3416],"addressee":[3411],"place_of_writing":[3547],"qualification":[3383],"place_of_keeping":[3550],"place_of_publication":[3551],"class_list":["post-11482","post","type-post","status-publish","format-standard","hentry","category-szechenyi_ferenc-en","category-csalad-en","category-ifjusag-en","category-a-katonaevek-en","tag-military","language-german","addressee-ferenc-szechenyi","place_of_writing-teplitz-en","qualification-original","place_of_keeping-mnl-ol-p-623-a-i-9-no-43-11-en","place_of_publication-zichy-77-78-en"],"_links":{"self":[{"href":"https:\/\/szechenyilevelezes.abtk.hu\/en\/wp-json\/wp\/v2\/posts\/11482","targetHints":{"allow":["GET"]}}],"collection":[{"href":"https:\/\/szechenyilevelezes.abtk.hu\/en\/wp-json\/wp\/v2\/posts"}],"about":[{"href":"https:\/\/szechenyilevelezes.abtk.hu\/en\/wp-json\/wp\/v2\/types\/post"}],"author":[{"embeddable":true,"href":"https:\/\/szechenyilevelezes.abtk.hu\/en\/wp-json\/wp\/v2\/users\/5"}],"replies":[{"embeddable":true,"href":"https:\/\/szechenyilevelezes.abtk.hu\/en\/wp-json\/wp\/v2\/comments?post=11482"}],"version-history":[{"count":3,"href":"https:\/\/szechenyilevelezes.abtk.hu\/en\/wp-json\/wp\/v2\/posts\/11482\/revisions"}],"predecessor-version":[{"id":11491,"href":"https:\/\/szechenyilevelezes.abtk.hu\/en\/wp-json\/wp\/v2\/posts\/11482\/revisions\/11491"}],"wp:attachment":[{"href":"https:\/\/szechenyilevelezes.abtk.hu\/en\/wp-json\/wp\/v2\/media?parent=11482"}],"wp:term":[{"taxonomy":"category","embeddable":true,"href":"https:\/\/szechenyilevelezes.abtk.hu\/en\/wp-json\/wp\/v2\/categories?post=11482"},{"taxonomy":"post_tag","embeddable":true,"href":"https:\/\/szechenyilevelezes.abtk.hu\/en\/wp-json\/wp\/v2\/tags?post=11482"},{"taxonomy":"language","embeddable":true,"href":"https:\/\/szechenyilevelezes.abtk.hu\/en\/wp-json\/wp\/v2\/language?post=11482"},{"taxonomy":"addressee","embeddable":true,"href":"https:\/\/szechenyilevelezes.abtk.hu\/en\/wp-json\/wp\/v2\/addressee?post=11482"},{"taxonomy":"place_of_writing","embeddable":true,"href":"https:\/\/szechenyilevelezes.abtk.hu\/en\/wp-json\/wp\/v2\/place_of_writing?post=11482"},{"taxonomy":"qualification","embeddable":true,"href":"https:\/\/szechenyilevelezes.abtk.hu\/en\/wp-json\/wp\/v2\/qualification?post=11482"},{"taxonomy":"place_of_keeping","embeddable":true,"href":"https:\/\/szechenyilevelezes.abtk.hu\/en\/wp-json\/wp\/v2\/place_of_keeping?post=11482"},{"taxonomy":"place_of_publication","embeddable":true,"href":"https:\/\/szechenyilevelezes.abtk.hu\/en\/wp-json\/wp\/v2\/place_of_publication?post=11482"}],"curies":[{"name":"wp","href":"https:\/\/api.w.org\/{rel}","templated":true}]}}