{"id":11547,"date":"2021-11-07T15:34:40","date_gmt":"2021-11-07T15:34:40","guid":{"rendered":"https:\/\/szechenyilevelezes.abtk.hu\/uncategorized\/szechenyi-ferenc-54\/"},"modified":"2025-08-07T14:09:52","modified_gmt":"2025-08-07T14:09:52","slug":"szechenyi-ferenc-54","status":"publish","type":"post","link":"https:\/\/szechenyilevelezes.abtk.hu\/en\/csalad-en\/szechenyi-ferenc-54\/","title":{"rendered":"Ferenc Sz\u00e9ch\u00e9nyi"},"content":{"rendered":"\n<p class=\"has-text-align-right\"><em>Geschrieben den 7<sup>ten<\/sup> December in Frankfurth 1813.<\/em><a href=\"#_ftn1\">[1]<\/a><\/p>\n\n\n\n<p>Mein guter Lieber Vater, heute habe ich wieder ein Schreiben von Euer Gnaden erhalten; nebst denen <em>Inschriften<\/em><sup>1<\/sup> die man in Wien bey Gelegenheit der Ilumination anbrachte: ich danke vielmal f\u00fcr die so gn\u00e4dige <em>Errinerung<\/em><a href=\"#_ftn2\">[2]<\/a> \u2014. Es ist ja immer die sch\u00f6nste Stunde meines Tages wenn ich von meinen Lieben theuren Eltern Nachricht erhalte, und Sie, und Ihr Befinden liegt mir, wei\u00df Gott, mehr am Herzen als alles \u00fcbrige in der Welt.<\/p>\n\n\n\n<p>Eben heute habe ich den Dienst beym Feldmarschall; und habe so viel den ganzen lieben Tag zu thun gehabt, da\u00df ich Euer Gnaden fr\u00fcher unm\u00f6glich schreiben konnte; nun hat sich endlich alles zur Ruhe gelegt \u2014 und ich kann allein und ungest\u00f6rt auf meine theuere Heimath zuruck denken: ach! wenn<a href=\"#_ftn3\">[3]<\/a> werde ich sie sehen? \u2013 wenn<sup>3<\/sup> werde ich Die an mein Herz dankbar und freudenvoll dr\u00fccken k\u00f6nnen, die so viel Theilname, die so viel Liebe f\u00fcr mich bewiesen. <strong>\u2013<\/strong> Noch scheint dieser Tag mir ferne zu seyn, und die Hoffnung, da\u00df dieser seelige Augenblick doch noch einmal kommen wird, ist das einzige, was mich in allen Wiederw\u00e4rtigkeiten<a href=\"#_ftn4\">[4]<\/a> meines Lebens \u2013 so aufrecht h\u00e4lt, so beruhigt da\u00df ich diesen heiligen Moment, wenn ich ungest\u00f6rt in die Arme meiner guten so Lieben Eltern fliehen werde k\u00f6nnen, zwar ungeduldig, dessen kann ich mich ja unm\u00f6glich erw\u00e4hren,<a href=\"#_ftn5\">[5]<\/a> aber doch ruhig entgegen sehe. <strong>\u2014<\/strong><\/p>\n\n\n\n<p>Der gr\u00f6\u00dfte Theil des Hauptquartiers ist schon bereits wech<a href=\"#_ftn6\">[6]<\/a><a href=\"#_edn1\">[a]<\/a> \u2014 Ich werde vermuthlich mit den F\u00fcrsten gehen, der h\u00f6chstens bis \u00fcbermorgen ganz gewi\u00df von hier wech<sup>6<\/sup>=gehen wird: von hier also kann ich von mir keine Nachricht mehr geben, und werde so bald\u2019s m\u00f6glich ist meinen guten Eltern wieder schreiben, der ich anjetzt um den Segen bitte.<\/p>\n\n\n\n<p class=\"has-text-align-right\">Steph<\/p>\n\n\n\n<p>Meiner guten Mutter k\u00fcsse ich die H\u00e4nde tausendmal <strong>\u2014<\/strong><\/p>\n\n\n\n<hr class=\"wp-block-separator has-css-opacity\"\/>\n\n\n\n<p><a href=\"#_ftnref1\">[1]<\/a> Sz\u00e9chenyi\u2019s underlining with wavy line.<\/p>\n\n\n\n<p><a href=\"#_ftnref2\">[2]<\/a> Sz\u00e9chenyi\u2019s underlining with straight line.<\/p>\n\n\n\n<p><a href=\"#_ftnref3\">[3]<\/a> Instead of wann.<\/p>\n\n\n\n<p><a href=\"#_ftnref4\">[4]<\/a> Instead of Widerw\u00e4rtigkeiten.<\/p>\n\n\n\n<p><a href=\"#_ftnref5\">[5]<\/a> Instead of erwehren.<\/p>\n\n\n\n<p><a href=\"#_ftnref6\">[6]<\/a> Instead of weg.<\/p>\n\n\n\n<hr class=\"wp-block-separator has-css-opacity\"\/>\n\n\n\n<p><a href=\"#_ednref1\">[a]<\/a> The main army marched south to cross the Rhine. The headquarters was also moved southwards, to Freyburg.<\/p>\n\n\n\n<p>Recommended reference:<\/p>\n\n\n\n<p>Istv\u00e1n Sz\u00e9chenyi to Ferenc Sz\u00e9ch\u00e9nyi, Frankfurt, 7 December 1813. Edited and annotated by Szilvia Czinege. Published in Correspondence of Istv\u00e1n Sz\u00e9chenyi. Digital edition. Edited by Szilvia Czinege and Zolt\u00e1n F\u00f3nagy. https:\/\/szechenyilevelezes.abtk.hu\/ Abbreviation for further references: SzIL-Digit.<\/p>\n","protected":false},"excerpt":{"rendered":"<p>He has received a letter from his father. That day he was on duty with the Field Marshal. The day when he would see his parents again seemed far away. Most of the headquarters have already left, and he would probably leave with the Prince the day after tomorrow at the latest.<\/p>\n","protected":false},"author":5,"featured_media":0,"comment_status":"open","ping_status":"open","sticky":false,"template":"","format":"standard","meta":{"footnotes":""},"categories":[3403,3370,3402],"tags":[3426],"language":[3416],"addressee":[3411],"place_of_writing":[3568],"qualification":[3383],"place_of_keeping":[3582],"place_of_publication":[3583],"class_list":["post-11547","post","type-post","status-publish","format-standard","hentry","category-szechenyi_ferenc-en","category-csalad-en","category-a-katonaevek-en","tag-military","language-german","addressee-ferenc-szechenyi","place_of_writing-frankfurt-en","qualification-original","place_of_keeping-mnl-ol-p-623-a-i-9-no-43-25-en","place_of_publication-zichy-100-101-en"],"_links":{"self":[{"href":"https:\/\/szechenyilevelezes.abtk.hu\/en\/wp-json\/wp\/v2\/posts\/11547","targetHints":{"allow":["GET"]}}],"collection":[{"href":"https:\/\/szechenyilevelezes.abtk.hu\/en\/wp-json\/wp\/v2\/posts"}],"about":[{"href":"https:\/\/szechenyilevelezes.abtk.hu\/en\/wp-json\/wp\/v2\/types\/post"}],"author":[{"embeddable":true,"href":"https:\/\/szechenyilevelezes.abtk.hu\/en\/wp-json\/wp\/v2\/users\/5"}],"replies":[{"embeddable":true,"href":"https:\/\/szechenyilevelezes.abtk.hu\/en\/wp-json\/wp\/v2\/comments?post=11547"}],"version-history":[{"count":2,"href":"https:\/\/szechenyilevelezes.abtk.hu\/en\/wp-json\/wp\/v2\/posts\/11547\/revisions"}],"predecessor-version":[{"id":11550,"href":"https:\/\/szechenyilevelezes.abtk.hu\/en\/wp-json\/wp\/v2\/posts\/11547\/revisions\/11550"}],"wp:attachment":[{"href":"https:\/\/szechenyilevelezes.abtk.hu\/en\/wp-json\/wp\/v2\/media?parent=11547"}],"wp:term":[{"taxonomy":"category","embeddable":true,"href":"https:\/\/szechenyilevelezes.abtk.hu\/en\/wp-json\/wp\/v2\/categories?post=11547"},{"taxonomy":"post_tag","embeddable":true,"href":"https:\/\/szechenyilevelezes.abtk.hu\/en\/wp-json\/wp\/v2\/tags?post=11547"},{"taxonomy":"language","embeddable":true,"href":"https:\/\/szechenyilevelezes.abtk.hu\/en\/wp-json\/wp\/v2\/language?post=11547"},{"taxonomy":"addressee","embeddable":true,"href":"https:\/\/szechenyilevelezes.abtk.hu\/en\/wp-json\/wp\/v2\/addressee?post=11547"},{"taxonomy":"place_of_writing","embeddable":true,"href":"https:\/\/szechenyilevelezes.abtk.hu\/en\/wp-json\/wp\/v2\/place_of_writing?post=11547"},{"taxonomy":"qualification","embeddable":true,"href":"https:\/\/szechenyilevelezes.abtk.hu\/en\/wp-json\/wp\/v2\/qualification?post=11547"},{"taxonomy":"place_of_keeping","embeddable":true,"href":"https:\/\/szechenyilevelezes.abtk.hu\/en\/wp-json\/wp\/v2\/place_of_keeping?post=11547"},{"taxonomy":"place_of_publication","embeddable":true,"href":"https:\/\/szechenyilevelezes.abtk.hu\/en\/wp-json\/wp\/v2\/place_of_publication?post=11547"}],"curies":[{"name":"wp","href":"https:\/\/api.w.org\/{rel}","templated":true}]}}