{"id":11555,"date":"2021-11-07T16:01:35","date_gmt":"2021-11-07T16:01:35","guid":{"rendered":"https:\/\/szechenyilevelezes.abtk.hu\/uncategorized\/szechenyi-ferenc-56\/"},"modified":"2025-08-07T15:05:23","modified_gmt":"2025-08-07T15:05:23","slug":"szechenyi-ferenc-56","status":"publish","type":"post","link":"https:\/\/szechenyilevelezes.abtk.hu\/en\/csalad-en\/szechenyi-ferenc-56\/","title":{"rendered":"Ferenc Sz\u00e9ch\u00e9nyi"},"content":{"rendered":"\n<p class=\"has-text-align-center\"><em>Geschrieben in Freyburg<\/em><a href=\"#_edn1\"><u>[a]<\/u><\/a> <em>den 14<sup>ten<\/sup> Decem. 1813<\/em>.<a href=\"#_ftn1\">[1]<\/a><\/p>\n\n\n\n<p>Gestern bin ich hier endlich angekommen,<a href=\"#_edn2\">[b]<\/a> und bin \u00fcber alle k\u00fcnftige Ereigni\u00dfe bis jetzt so ungewi\u00df, da\u00df ich nicht wei\u00df ob wir l\u00e4ngere Zeit hier bleiben werden, oder nicht. \u2013 Auch sind alle Meinungen so ungetheilt, da\u00df wir den Krieg fortsetzen werden, da\u00df Jedermann\u2018s Neugierde in hinsicht unserer Operationen auf das h\u00f6chste getrieben wird, da alle unsere Bewegungen, so einen unsichern schwankenden Weg zu gehen scheinen.<a href=\"#_edn3\">[c]<\/a> &#8211; Ich w\u00fcnsche die Ruhe sehnlichst zuruck, den<a href=\"#_ftn2\">[2]<\/a> die Harmonie zwischen so vielen Nationen ist den<sup>2<\/sup> doch in die L\u00e4nge \u00e4userst schwer zu erhalten, und doch ist das was uns bis jetzt <em>ganz allein<\/em><sup>1<\/sup> zu allen unsern Siegen f\u00fchrte \u2014 und ich glaube, da\u00df eine einzige einige<a href=\"#_ftn3\"><u>[3]<\/u><\/a> Nation<a href=\"#_ftn4\">[4]<\/a> uns alle Tage f\u00fcrchterlicher wird. \u2014<\/p>\n\n\n\n<p>Morgen kommen der Ka\u04f1ser von Ru\u00dfland und \u00d6streich auch hierher, und dan wird die letzte Entscheidung wohl von sich gehen k\u00f6nnen: ich glaube beynahe an <em>Frieden<\/em>,<sup>1<\/sup> weil das der h\u00e4rteste Schlag f\u00fcr mich w\u00e4re \u2014 und weil das so immer in der Welt schon geht, da\u00df uns das Unangenehme so geschwind und unvermuthet \u00fcberrascht. \u2014 und auch f\u00fcr die allgemeine Ruhe w\u00e4re\u2019s ungl\u00fccklich, denn so lange ein Wolf lebte hat man ihm bis jetzt noch nicht zahm gemacht und wie k\u00f6nnen wir auf dauerhaften Frieden so lange denken. bis ein Mensch<a href=\"#_edn4\">[d]<\/a> lebt, und so viele Mittel hat als unser Gegner. der in seiner schwarzen Seele den Frieden die Ruhe unm\u00f6glich wohnen hat und wo gar keine Ursache ist, da\u00df er den Rest seines Volk\u2018s seinen Ruhm und seiner Glorie nicht opfern sollte. ~<\/p>\n\n\n\n<p>Jetzt guter Vater bitte ich um den Segen \u2013 auch den meiner guten Mutter, der ich noch f\u00fcr ihre G\u00fctige Liebevolle Errinerung vielen Dank schuldig bin, und meine Schuld so bald wie m\u00f6glich abtragen werde. ~<\/p>\n\n\n\n<p>Da von der suite bis jetzt noch kein Mensch da ist, so mu\u00df ich stets beym Feldmarschall seyn, und eile so bald wie m\u00f6glich dahin zu kommen. \u2013<\/p>\n\n\n\n<p class=\"has-text-align-center\">Steph<\/p>\n\n\n\n<hr class=\"wp-block-separator has-css-opacity\"\/>\n\n\n\n<p><a href=\"#_ftnref1\">[1]<\/a> Sz\u00e9chenyi\u2019s underlining with wavy line.<\/p>\n\n\n\n<p><a href=\"#_ftnref2\">[2]<\/a> Instead of denn.<\/p>\n\n\n\n<p><a href=\"#_ftnref3\">[3]<\/a> Instead of vereinigte.<\/p>\n\n\n\n<p><a href=\"#_ftnref4\">[4]<\/a> Sz\u00e9chenyi\u2019s underlining with straight line.<\/p>\n\n\n\n<hr class=\"wp-block-separator has-css-opacity\"\/>\n\n\n\n<p><a href=\"#_ednref1\">[a]<\/a> It is a German town seven kilometres northwest of Naumburg, today in the state of Saxony-Anhalt.<\/p>\n\n\n\n<p><a href=\"#_ednref2\">[b]<\/a> They approached Basel to cross the Rhine.<\/p>\n\n\n\n<p><a href=\"#_ednref3\">[c]<\/a> He is referring to the peace news that was circulating at the time. See his letter of 20 December 1813.<\/p>\n\n\n\n<p><a href=\"#_ednref4\">[d]<\/a> I. e. Napoleon.<\/p>\n\n\n\n<p>Recommended reference:<\/p>\n\n\n\n<p>Istv\u00e1n Sz\u00e9chenyi to Ferenc Sz\u00e9ch\u00e9nyi, Freyburg, 14 December 1813. Edited and annotated by Szilvia Czinege. Published in Correspondence of Istv\u00e1n Sz\u00e9chenyi. Digital edition. Edited by Szilvia Czinege and Zolt\u00e1n F\u00f3nagy. https:\/\/szechenyilevelezes.abtk.hu\/ Abbreviation for further references: SzIL-Digit.<\/p>\n","protected":false},"excerpt":{"rendered":"<p>They arrived the day before, but he has no idea what awaits them. Nor does he know how long they will stay. The next day the Austrian and Russian monarchs arrive. He himself hopes for peace.<\/p>\n","protected":false},"author":5,"featured_media":0,"comment_status":"open","ping_status":"open","sticky":false,"template":"","format":"standard","meta":{"footnotes":""},"categories":[3403,3370,3402],"tags":[3426],"language":[3416],"addressee":[3411],"place_of_writing":[3586],"qualification":[3383],"place_of_keeping":[3587],"place_of_publication":[3588],"class_list":["post-11555","post","type-post","status-publish","format-standard","hentry","category-szechenyi_ferenc-en","category-csalad-en","category-a-katonaevek-en","tag-military","language-german","addressee-ferenc-szechenyi","place_of_writing-freyburg-en","qualification-original","place_of_keeping-mnl-ol-p-623-a-i-9-no-43-27-en","place_of_publication-zichy-101-102-kovacs-kormendy-mazi-oplatka-29-en"],"_links":{"self":[{"href":"https:\/\/szechenyilevelezes.abtk.hu\/en\/wp-json\/wp\/v2\/posts\/11555","targetHints":{"allow":["GET"]}}],"collection":[{"href":"https:\/\/szechenyilevelezes.abtk.hu\/en\/wp-json\/wp\/v2\/posts"}],"about":[{"href":"https:\/\/szechenyilevelezes.abtk.hu\/en\/wp-json\/wp\/v2\/types\/post"}],"author":[{"embeddable":true,"href":"https:\/\/szechenyilevelezes.abtk.hu\/en\/wp-json\/wp\/v2\/users\/5"}],"replies":[{"embeddable":true,"href":"https:\/\/szechenyilevelezes.abtk.hu\/en\/wp-json\/wp\/v2\/comments?post=11555"}],"version-history":[{"count":2,"href":"https:\/\/szechenyilevelezes.abtk.hu\/en\/wp-json\/wp\/v2\/posts\/11555\/revisions"}],"predecessor-version":[{"id":11558,"href":"https:\/\/szechenyilevelezes.abtk.hu\/en\/wp-json\/wp\/v2\/posts\/11555\/revisions\/11558"}],"wp:attachment":[{"href":"https:\/\/szechenyilevelezes.abtk.hu\/en\/wp-json\/wp\/v2\/media?parent=11555"}],"wp:term":[{"taxonomy":"category","embeddable":true,"href":"https:\/\/szechenyilevelezes.abtk.hu\/en\/wp-json\/wp\/v2\/categories?post=11555"},{"taxonomy":"post_tag","embeddable":true,"href":"https:\/\/szechenyilevelezes.abtk.hu\/en\/wp-json\/wp\/v2\/tags?post=11555"},{"taxonomy":"language","embeddable":true,"href":"https:\/\/szechenyilevelezes.abtk.hu\/en\/wp-json\/wp\/v2\/language?post=11555"},{"taxonomy":"addressee","embeddable":true,"href":"https:\/\/szechenyilevelezes.abtk.hu\/en\/wp-json\/wp\/v2\/addressee?post=11555"},{"taxonomy":"place_of_writing","embeddable":true,"href":"https:\/\/szechenyilevelezes.abtk.hu\/en\/wp-json\/wp\/v2\/place_of_writing?post=11555"},{"taxonomy":"qualification","embeddable":true,"href":"https:\/\/szechenyilevelezes.abtk.hu\/en\/wp-json\/wp\/v2\/qualification?post=11555"},{"taxonomy":"place_of_keeping","embeddable":true,"href":"https:\/\/szechenyilevelezes.abtk.hu\/en\/wp-json\/wp\/v2\/place_of_keeping?post=11555"},{"taxonomy":"place_of_publication","embeddable":true,"href":"https:\/\/szechenyilevelezes.abtk.hu\/en\/wp-json\/wp\/v2\/place_of_publication?post=11555"}],"curies":[{"name":"wp","href":"https:\/\/api.w.org\/{rel}","templated":true}]}}