{"id":11564,"date":"2021-11-07T16:55:45","date_gmt":"2021-11-07T16:55:45","guid":{"rendered":"https:\/\/szechenyilevelezes.abtk.hu\/uncategorized\/szechenyi-ferenc-58\/"},"modified":"2025-08-07T16:22:39","modified_gmt":"2025-08-07T16:22:39","slug":"szechenyi-ferenc-58","status":"publish","type":"post","link":"https:\/\/szechenyilevelezes.abtk.hu\/en\/csalad-en\/szechenyi-ferenc-58\/","title":{"rendered":"Ferenc Sz\u00e9ch\u00e9nyi"},"content":{"rendered":"\n<p class=\"has-text-align-right\"><em>Geschrieben in Basel den 20<sup>ten<\/sup> Decemb. 1813<\/em>.<a href=\"#_ftn1\">[1]<\/a><\/p>\n\n\n\n<p>Heute ist der gr\u00f6\u00dfte Theil unserer Truppen \u00fcber den Rhein gegangen, und nun wird\u2019s wohl schon unaufhaltsam vorw\u00e4rts gehen: und ich bin dennoch \u00fcberzeugt, da\u00df wir beynahe bis Besanan<a href=\"#_edn1\">[a]<\/a> vordringen werden, ohne einen recht standhaften Wiederstand zu finden: dort aber, so denke ich mir\u2019s, werden wir ein paar harte unangnehme T\u00e4ge haben, die uns viele Menschen und viele unserer Freunde kosten m\u00fc\u00dfen. \u2014 Nach diesen \u00dcberstandenen Augenblicken bin ich aber fest und ganz gewi\u00df \u00fcberzeugt, meine guten Eltern bis in den Monath May umarmen zu k\u00f6nnen, den<a href=\"#_ftn2\">[2]<\/a> bis dahin giebt\u2018s gewi\u00df einen sch\u00f6nen dauerhaften Frieden. <strong>\u2014<\/strong><\/p>\n\n\n\n<p>Gestern haben wir einen infam gro\u00dfen Marsch gemacht n\u00e4mlich von <em>Freyburg<\/em><sup>1<\/sup> bis <em>L\u00f6rach<\/em><sup>1<\/sup><a href=\"#_edn2\">[b]<\/a> wo unser jetziges Hauptquartier ist. \u2013 Ich, f\u00fcr meine Wenigkeit habe etwas die Festung H\u00fcnningen<a href=\"#_edn3\">[c]<\/a> angesehen NB<a href=\"#_ftn3\">[3]<\/a> von <em>weiten<\/em>,<sup>1<\/sup> da es nicht spa\u00dfig ist nahe dahin zu reiten \u2013 wegen die 200 &#8211; 24 pf\u00fcnder<a href=\"#_edn4\">[d]<\/a> die darinnen aufgepflanzt sind \u2013 und da bin ich eben in der R\u00fcckreise \u00fcber Basel wo ich in der Geschwindigkeit ein krummes Pferd beschlagen lasse, und meine guten Eltern von meiner Gesundheit und meinen guten Muthe Nachricht gebe. <strong>\u2013<\/strong><\/p>\n\n\n\n<p>Meiner Lieben theueren Mutter bin ich auf Ihr g\u00fctiges Errinern noch vielen Dank schuldig: ich kusse ihr tausendmal die H\u00e4nde, und bleibe den Segen bittend. \u2014<\/p>\n\n\n\n<p>S.<\/p>\n\n\n\n<p>Alle die in Oedenburg auf mich noch denken gr\u00fc\u00dfe ich vor ganzen Herzen. \u2014<\/p>\n\n\n\n<hr class=\"wp-block-separator has-css-opacity\"\/>\n\n\n\n<p><a href=\"#_ftnref1\">[1]<\/a> Sz\u00e9chenyi\u2019s underlining with wavy line.<\/p>\n\n\n\n<p><a href=\"#_ftnref2\">[2]<\/a> Instead of denn.<\/p>\n\n\n\n<p><a href=\"#_ftnref3\">[3]<\/a> Nota bene. Latin: note well.<\/p>\n\n\n\n<hr class=\"wp-block-separator has-css-opacity\"\/>\n\n\n\n<p><a href=\"#_ednref1\">[a]<\/a> French town on the banks of the Doubs and the Rhine canal.<\/p>\n\n\n\n<p><a href=\"#_ednref2\">[b]<\/a> L\u00f6rrach is a town in Baden, on the Wiese, south of Freyburg.<\/p>\n\n\n\n<p><a href=\"#_ednref3\">[c]<\/a> H\u00fcningen is a fortified town in Upper Alsace, on the left bank of the Rhine, near L\u00f6rrach.<\/p>\n\n\n\n<p><a href=\"#_ednref4\">[d]<\/a> I. e. 200 pieces of 24-pound cannon.<\/p>\n\n\n\n<p>Recommended reference:<\/p>\n\n\n\n<p>Istv\u00e1n Sz\u00e9chenyi to Ferenc Sz\u00e9ch\u00e9nyi, Basel, 20 December 1813. Edited and annotated by Szilvia Czinege. Published in Correspondence of Istv\u00e1n Sz\u00e9chenyi. Digital edition. Edited by Szilvia Czinege and Zolt\u00e1n F\u00f3nagy. https:\/\/szechenyilevelezes.abtk.hu\/ Abbreviation for further references: SzIL-Digit.<\/p>\n","protected":false},"excerpt":{"rendered":"<p>If the Allied troops cross the Rhine, they can advance all the way to Besancon unopposed. He&#8217;s sure he&#8217;ll be able to hug his parents in May, because there will be peace by then. The previous day they made a long journey to L\u00f6rach, where their headquarters were at the time of writing.<\/p>\n","protected":false},"author":5,"featured_media":0,"comment_status":"open","ping_status":"open","sticky":false,"template":"","format":"standard","meta":{"footnotes":""},"categories":[3403,3370,3402],"tags":[3426],"language":[3416],"addressee":[3411],"place_of_writing":[3594],"qualification":[3383],"place_of_keeping":[3592],"place_of_publication":[3593],"class_list":["post-11564","post","type-post","status-publish","format-standard","hentry","category-szechenyi_ferenc-en","category-csalad-en","category-a-katonaevek-en","tag-military","language-german","addressee-ferenc-szechenyi","place_of_writing-basle","qualification-original","place_of_keeping-mnl-ol-p-623-a-i-9-no-43-29-en","place_of_publication-zichy-104-en"],"_links":{"self":[{"href":"https:\/\/szechenyilevelezes.abtk.hu\/en\/wp-json\/wp\/v2\/posts\/11564","targetHints":{"allow":["GET"]}}],"collection":[{"href":"https:\/\/szechenyilevelezes.abtk.hu\/en\/wp-json\/wp\/v2\/posts"}],"about":[{"href":"https:\/\/szechenyilevelezes.abtk.hu\/en\/wp-json\/wp\/v2\/types\/post"}],"author":[{"embeddable":true,"href":"https:\/\/szechenyilevelezes.abtk.hu\/en\/wp-json\/wp\/v2\/users\/5"}],"replies":[{"embeddable":true,"href":"https:\/\/szechenyilevelezes.abtk.hu\/en\/wp-json\/wp\/v2\/comments?post=11564"}],"version-history":[{"count":3,"href":"https:\/\/szechenyilevelezes.abtk.hu\/en\/wp-json\/wp\/v2\/posts\/11564\/revisions"}],"predecessor-version":[{"id":11591,"href":"https:\/\/szechenyilevelezes.abtk.hu\/en\/wp-json\/wp\/v2\/posts\/11564\/revisions\/11591"}],"wp:attachment":[{"href":"https:\/\/szechenyilevelezes.abtk.hu\/en\/wp-json\/wp\/v2\/media?parent=11564"}],"wp:term":[{"taxonomy":"category","embeddable":true,"href":"https:\/\/szechenyilevelezes.abtk.hu\/en\/wp-json\/wp\/v2\/categories?post=11564"},{"taxonomy":"post_tag","embeddable":true,"href":"https:\/\/szechenyilevelezes.abtk.hu\/en\/wp-json\/wp\/v2\/tags?post=11564"},{"taxonomy":"language","embeddable":true,"href":"https:\/\/szechenyilevelezes.abtk.hu\/en\/wp-json\/wp\/v2\/language?post=11564"},{"taxonomy":"addressee","embeddable":true,"href":"https:\/\/szechenyilevelezes.abtk.hu\/en\/wp-json\/wp\/v2\/addressee?post=11564"},{"taxonomy":"place_of_writing","embeddable":true,"href":"https:\/\/szechenyilevelezes.abtk.hu\/en\/wp-json\/wp\/v2\/place_of_writing?post=11564"},{"taxonomy":"qualification","embeddable":true,"href":"https:\/\/szechenyilevelezes.abtk.hu\/en\/wp-json\/wp\/v2\/qualification?post=11564"},{"taxonomy":"place_of_keeping","embeddable":true,"href":"https:\/\/szechenyilevelezes.abtk.hu\/en\/wp-json\/wp\/v2\/place_of_keeping?post=11564"},{"taxonomy":"place_of_publication","embeddable":true,"href":"https:\/\/szechenyilevelezes.abtk.hu\/en\/wp-json\/wp\/v2\/place_of_publication?post=11564"}],"curies":[{"name":"wp","href":"https:\/\/api.w.org\/{rel}","templated":true}]}}